{"id":2737,"date":"2015-05-05T10:15:59","date_gmt":"2015-05-05T09:15:59","guid":{"rendered":"https:\/\/www.ociohogar.com\/blog\/?p=2737"},"modified":"2015-05-05T10:15:59","modified_gmt":"2015-05-05T09:15:59","slug":"mermelada-estudio","status":"publish","type":"post","link":"https:\/\/www.ociohogar.com\/blog\/2015\/05\/05\/mermelada-estudio\/ ","title":{"rendered":"Mermelada Estudio, en la lista Dwell de j\u00f3venes talentos a seguir"},"content":{"rendered":"<p>Hoy os presentamos uno de los estudios m\u00e1s punteros de nuestro pa\u00eds. Se trata de Mermelada Estudio que est\u00e1 formado por Laura Blasco, Juanmi Ju\u00e1rez y \u00c1lex Est\u00e9vez y fundada en el a\u00f1o 2012. Los tres se han formado en Espa\u00f1a y en otros pa\u00edses europeos como Inglaterra o Italia, ampliando su horizonte.<\/p>\n<figure id=\"attachment_2739\" aria-describedby=\"caption-attachment-2739\" style=\"width: 403px\" class=\"wp-caption aligncenter\"><img decoding=\"async\" loading=\"lazy\" class=\"size-full wp-image-2739\" src=\"https:\/\/www.ociohogar.com\/blog\/wp-content\/uploads\/2015\/05\/MERMELADAESTUDIO-2014-low.jpg\" alt=\"Mermelada Estudio\" width=\"403\" height=\"595\" srcset=\"https:\/\/www.ociohogar.com\/blog\/wp-content\/uploads\/2015\/05\/MERMELADAESTUDIO-2014-low.jpg 403w, https:\/\/www.ociohogar.com\/blog\/wp-content\/uploads\/2015\/05\/MERMELADAESTUDIO-2014-low-203x300.jpg 203w\" sizes=\"(max-width: 403px) 100vw, 403px\" \/><figcaption id=\"caption-attachment-2739\" class=\"wp-caption-text\">Laura Blasco, Juanmi Ju\u00e1rez y \u00c1lex Est\u00e9vez<\/figcaption><\/figure>\n<p>Los cr\u00edticos definen sus piezas como <strong>dise\u00f1os originales y po\u00e9ticos con un gran equilibrio<\/strong>. Adem\u00e1s crean piezas artesanales, a veces como ediciones limitadas.<br \/>\nHan sido nombrados en la lista de los 26 j\u00f3venes talentos a tener en cuenta por la revista Dwell. \u00a1No te lo pierdas!<\/p>\n<p><!--more--><\/p>\n<p><strong>OcioHogar (OH): \u00bfQu\u00e9 tiene que tener un dise\u00f1o para convertirse en un \u00e9xito?<\/strong><\/p>\n<p>Mermelada Estudio (ME): Debe aportar algo diferente, ser sorprendente y, a al mismo tiempo, coherente.<\/p>\n<p><strong>OH: \u00bfCu\u00e1l es, de entre todos los productos que han dise\u00f1ado, del que se sienten m\u00e1s satisfechos?<\/strong><\/p>\n<p>ME: Es dif\u00edcil quedarse con uno, quiz\u00e1s Mon oncle, una barbacoa que dise\u00f1amos como una inquietud del estudio sin ning\u00fan tipo de expectativa inicial y que esta siendo un \u00e9xito tanto medi\u00e1tico como comercial.<\/p>\n<p><strong>OH: \u00bfEn qu\u00e9 se inspiran? \u00bfD\u00f3nde encuentran la inspiraci\u00f3n?<\/strong><br \/>\nME: Nos inspiramos en todo aquello que nos rodean, en nuestro d\u00eda a d\u00eda.<\/p>\n<figure id=\"attachment_2740\" aria-describedby=\"caption-attachment-2740\" style=\"width: 595px\" class=\"wp-caption aligncenter\"><img decoding=\"async\" loading=\"lazy\" class=\"size-full wp-image-2740\" src=\"https:\/\/www.ociohogar.com\/blog\/wp-content\/uploads\/2015\/05\/Mon-oncle.jpg\" alt=\"Barbacoa Mon Oncle\" width=\"595\" height=\"446\" srcset=\"https:\/\/www.ociohogar.com\/blog\/wp-content\/uploads\/2015\/05\/Mon-oncle.jpg 595w, https:\/\/www.ociohogar.com\/blog\/wp-content\/uploads\/2015\/05\/Mon-oncle-300x224.jpg 300w\" sizes=\"(max-width: 595px) 100vw, 595px\" \/><figcaption id=\"caption-attachment-2740\" class=\"wp-caption-text\">Mon Oncle de Mermelada Estudio<\/figcaption><\/figure>\n<p><strong>OH: \u00bfC\u00f3mo es un d\u00eda de trabajo en sus vidas?<\/strong><\/p>\n<p>ME: Muy met\u00f3dico y ordenado, intentamos hacer un planning cada lunes del trabajo semanal. Todos nuestros proyectos tienen un proceso que suele ser similar. En cuanto al estudio tenemos nuestro horario e intentamos separar el tiempo de trabajo del de ocio. Para nosotros es importante no olvidarnos de que esto es solo una profesi\u00f3n.<\/p>\n<p><strong>OH: \u00bfCu\u00e1l cree que va a ser la pieza estrella de esta temporada?<\/strong><\/p>\n<p>ME: Es dif\u00edcil, acabamos de volver de Mil\u00e1n y cada a\u00f1o hay m\u00e1s novedades, hay\u00a0 una saturaci\u00f3n de nuevos productos y es dif\u00edcil saber que va a ser un \u00e9xito y que no. Hay veces que ves piezas que crees que van a arrasar y al final pasan sin pena ni gloria. El mercado es imprevisible.<\/p>\n<p><strong>OH: \u00bfC\u00f3mo ven el futuro en el mundo de dise\u00f1o de mobiliario?<\/strong><\/p>\n<p>ME: Vemos que es momento de reinventarse, buscar nuevas formulas tanto para los dise\u00f1adores como para los productores. Nosotros estamos empezando nuevos proyectos que cuando empezamos no nos plante\u00e1bamos. Todo es m\u00e1s r\u00e1pido y se est\u00e1 cambiando la forma de dise\u00f1ar, fabricar y vender los productos. Un cambio que vemos en un futuro es la artesan\u00eda industrial. Por ejemplo cada vez vemos m\u00e1s tir\u00f3n a los productos fabricados con impresoras 3d, es solo cuesti\u00f3n de tiempo que sea una tecnolog\u00eda competente.<\/p>\n<figure id=\"attachment_2741\" aria-describedby=\"caption-attachment-2741\" style=\"width: 595px\" class=\"wp-caption aligncenter\"><img decoding=\"async\" loading=\"lazy\" class=\"size-full wp-image-2741\" src=\"https:\/\/www.ociohogar.com\/blog\/wp-content\/uploads\/2015\/05\/Raining-Day.jpg\" alt=\"L\u00e1mpara de dise\u00f1o Raining Day\" width=\"595\" height=\"376\" srcset=\"https:\/\/www.ociohogar.com\/blog\/wp-content\/uploads\/2015\/05\/Raining-Day.jpg 595w, https:\/\/www.ociohogar.com\/blog\/wp-content\/uploads\/2015\/05\/Raining-Day-300x189.jpg 300w\" sizes=\"(max-width: 595px) 100vw, 595px\" \/><figcaption id=\"caption-attachment-2741\" class=\"wp-caption-text\">Raining Day para Almerich<\/figcaption><\/figure>\n<p><strong>OH: El nombre de su estudio \u201cMermelada\u201d es muy original, \u00bfc\u00f3mo lo eligieron? \u00bfqu\u00e9 buscaban transmitir con \u00e9l?<\/strong><\/p>\n<p>ME: El nombre lo pusimos porque cuando empezamos a colaborar en nuestros primeros proyectos a\u00fan no \u00e9ramos estudio, nos reun\u00edamos en casa de Laura y todas las sesiones de trabajo empezaban con un buen desayuno juntos. Laura recicl\u00f3 alg\u00fan bote de mermelada y los us\u00f3 para dejar material de dibujo, cuando decidimos dar el paso y montar el estudio pensamos que eran un buen nombre para recordar el origen.<\/p>\n<p><strong>OH: \u00bfC\u00f3mo surgi\u00f3 vuestra uni\u00f3n?<\/strong><\/p>\n<p>ME: Nos conocimos trabajando en el estudio de Gemma Bernal, en seguida nos dimos cuenta de que hab\u00eda qu\u00edmica entre nosotros. Un tiempo despu\u00e9s decidimos empezar a colaborar en alg\u00fan proyecto, poco a poco acabamos montando el estudio.<\/p>\n<p><strong>OH: Hab\u00e9is estudiado en escuelas de dise\u00f1o de distintos pa\u00edses,\u00a0 \u00bfc\u00f3mo es el nivel del dise\u00f1o espa\u00f1ol en relaci\u00f3n con el de otros lugares?<\/strong><\/p>\n<p>ME: El nivel es correcto pero deber\u00eda ser m\u00e1s alto. En otros pa\u00edses los dise\u00f1adores son muy exigentes con su trabajo desde que son estudiantes. En el estudio siempre solemos tener gente en pr\u00e1cticas de de universidades europeas\u00a0 muy buenas y, a veces, nos dejan alucinados.<\/p>\n<p><strong>OH: \u00bfCon qu\u00e9 marca o dise\u00f1ador les gustar\u00eda trabajar?<\/strong><\/p>\n<p>ME: Con muchas, hay marcas que hacen cosas muy interesantes y \u00fanicas y nos encantar\u00eda formar de alguna forma parte de ellas porque nos fascina la historia que hay detr\u00e1s de ellas.\u00a0 Pero si tuvi\u00e9ramos que elegir una seria\u2026.Fritz Hansen.<\/p>\n<p><strong>OH: \u00bfPod\u00e9is darnos un avanza de vuestros futuros proyectos? \u00bfEn qu\u00e9 est\u00e1is trabajando?<\/strong><\/p>\n<p>ME: El estudio est\u00e1 trabajando en proyectos m\u00e1s variados pero lo que estamos a apunto de sacar en los pr\u00f3ximos meses es una l\u00e1mpara, una colecci\u00f3n de armarios, y una colecci\u00f3n de complementos. Ver su web <a href=\"http:\/\/www.mermeladaestudio.es\/\">aqu\u00ed<\/a>.<\/p>\n<figure id=\"attachment_2742\" aria-describedby=\"caption-attachment-2742\" style=\"width: 446px\" class=\"wp-caption aligncenter\"><img decoding=\"async\" loading=\"lazy\" class=\"size-full wp-image-2742\" src=\"https:\/\/www.ociohogar.com\/blog\/wp-content\/uploads\/2015\/05\/Maya.jpg\" alt=\"L\u00e1mparas de techo\" width=\"446\" height=\"595\" srcset=\"https:\/\/www.ociohogar.com\/blog\/wp-content\/uploads\/2015\/05\/Maya.jpg 446w, https:\/\/www.ociohogar.com\/blog\/wp-content\/uploads\/2015\/05\/Maya-224x300.jpg 224w\" sizes=\"(max-width: 446px) 100vw, 446px\" \/><figcaption id=\"caption-attachment-2742\" class=\"wp-caption-text\">Maya de Almerich<\/figcaption><\/figure>\n<p><strong>OH: En nuestra tienda vendemos sus dise\u00f1os Maya y Raining Day de Almerich. \u00bfPodr\u00edan comentarnos c\u00f3mo fueron sus respectivos procesos de dise\u00f1o? \u00bfEn qu\u00e9 se inspiraron? \u00bfQu\u00e9 buscaban con ellas?<\/strong><\/p>\n<p>ME: Maya Fue una de nuestras primeras piezas como estudio, esta inspirada en las estructuras que generan los panales de abejas.\u00a0 La idea era generar una familia de l\u00e1mparas colgantes a partir de un modulo.<\/p>\n<p>Rainning Day, quer\u00edamos generar un aplique modular, en un viaje que hicimos a Jap\u00f3n vimos paraguas tradicionales y nos parecieron una inspiraci\u00f3n muy interesante y el efecto que se genera al superponerse estos paraguas abiertos es muy po\u00e9tico.<\/p>\n<p><strong>OH: Si no hubieran sido dise\u00f1adores, ser\u00edan\u2026<\/strong><\/p>\n<p>ME: Director de cine, actor de teatro y florista<\/p>\n<p><strong>Para conocerles mejor:<\/strong><\/p>\n<p>a.\u00a0\u00a0 \u00a0Un color: Verde<\/p>\n<p>b.\u00a0\u00a0 \u00a0Un material: Cualquiera natural<\/p>\n<p>c.\u00a0\u00a0 \u00a0Un dise\u00f1ador al que admiren: Nanna Dietzel<\/p>\n<p>d.\u00a0\u00a0 \u00a0Una pieza que les inspire:\u00a0 Los jarrones de Tapio Wirkkala para Iittala<\/p>\n<p>e.\u00a0\u00a0 \u00a0Su rinc\u00f3n favorito de la casa: El patio<\/p>\n<p>f.\u00a0\u00a0 \u00a0Un lugar donde vivir: Barcelona<\/p>\n","protected":false},"excerpt":{"rendered":"<p>Hoy os presentamos uno de los estudios m\u00e1s punteros de nuestro pa\u00eds. Se trata de Mermelada Estudio que est\u00e1 formado por Laura Blasco, Juanmi Ju\u00e1rez y \u00c1lex Est\u00e9vez y fundada en el a\u00f1o 2012. Los tres se han formado en Espa\u00f1a y en otros pa\u00edses europeos como Inglaterra o Italia, ampliando su horizonte. Los cr\u00edticos [&hellip;]<\/p>\n <a class=\"read-more\" href=\"https:\/\/www.ociohogar.com\/blog\/2015\/05\/05\/mermelada-estudio\/ \">Leer m\u00e1s<\/a>","protected":false},"author":18,"featured_media":0,"comment_status":"open","ping_status":"open","sticky":false,"template":"","format":"standard","meta":{"ngg_post_thumbnail":0},"categories":[323],"tags":[108,321],"_links":{"self":[{"href":"https:\/\/www.ociohogar.com\/blog\/wp-json\/wp\/v2\/posts\/2737"}],"collection":[{"href":"https:\/\/www.ociohogar.com\/blog\/wp-json\/wp\/v2\/posts"}],"about":[{"href":"https:\/\/www.ociohogar.com\/blog\/wp-json\/wp\/v2\/types\/post"}],"author":[{"embeddable":true,"href":"https:\/\/www.ociohogar.com\/blog\/wp-json\/wp\/v2\/users\/18"}],"replies":[{"embeddable":true,"href":"https:\/\/www.ociohogar.com\/blog\/wp-json\/wp\/v2\/comments?post=2737"}],"version-history":[{"count":4,"href":"https:\/\/www.ociohogar.com\/blog\/wp-json\/wp\/v2\/posts\/2737\/revisions"}],"predecessor-version":[{"id":2745,"href":"https:\/\/www.ociohogar.com\/blog\/wp-json\/wp\/v2\/posts\/2737\/revisions\/2745"}],"wp:attachment":[{"href":"https:\/\/www.ociohogar.com\/blog\/wp-json\/wp\/v2\/media?parent=2737"}],"wp:term":[{"taxonomy":"category","embeddable":true,"href":"https:\/\/www.ociohogar.com\/blog\/wp-json\/wp\/v2\/categories?post=2737"},{"taxonomy":"post_tag","embeddable":true,"href":"https:\/\/www.ociohogar.com\/blog\/wp-json\/wp\/v2\/tags?post=2737"}],"curies":[{"name":"wp","href":"https:\/\/api.w.org\/{rel}","templated":true}]}}