{"id":5583,"date":"2026-09-01T18:37:05","date_gmt":"2026-09-01T17:37:05","guid":{"rendered":"https:\/\/www.ociohogar.com\/blog\/?p=5583"},"modified":"2026-09-05T13:05:56","modified_gmt":"2026-09-05T12:05:56","slug":"entrevista-a-mayice-studio","status":"publish","type":"post","link":"https:\/\/www.ociohogar.com\/blog\/2026\/09\/01\/entrevista-a-mayice-studio\/ ","title":{"rendered":"Entrevista a Mayice Studio"},"content":{"rendered":"<p>Marta Alonso e Imanol Calder\u00f3n, fundadores de Mayice StudioMayice Studio es un estudio madrile\u00f1o de arquitectura y dise\u00f1o fundado por Marta Alonso Yebra e Imanol Calder\u00f3n El\u00f3segui. Arquitectos de formaci\u00f3n y dise\u00f1adores por vocaci\u00f3n, han construido una trayectoria en la que los l\u00edmites entre espacio, objeto y materia se diluyen para dar lugar a proyectos con una identidad propia.<\/p>\n<p>Su trabajo parte de una especial atenci\u00f3n a los materiales, su historia y sus posibilidades. La artesan\u00eda, la experimentaci\u00f3n y la tecnolog\u00eda conviven en un proceso creativo que busca encontrar un equilibrio entre belleza y funcionalidad, ya sea en una pieza de mobiliario, una luminaria o un proyecto de arquitectura.<\/p>\n<p>A lo largo de su recorrido, Mayice Studio ha trabajado con firmas como Gandia Blasco, LZF, ABB Niessen, MINI o FLOS, y sus proyectos se han presentado en escenarios internacionales como el Salone del Mobile de Mil\u00e1n y el Madrid Design Festival. Su trabajo tambi\u00e9n ha recibido numerosos reconocimientos, entre ellos el premio de <em>Interiores<\/em> al Dise\u00f1ador del A\u00f1o 2024.<\/p>\n<p>En esta entrevista para OcioHogar, Marta Alonso e Imanol Calder\u00f3n nos acercan a la filosof\u00eda de Mayice Studio, su forma de trabajar con los materiales y la artesan\u00eda, el origen de sus ideas y su manera de entender el presente y el futuro del dise\u00f1o.<\/p>\n<h2 style=\"text-align: center;\"><b>Entrevista a <span title=\"Mayice&nbsp;\">Mayice&nbsp;<\/span><span title=\"Studio\">Studio<\/span><\/b><\/h2>\n<p><em><strong>&nbsp;\u00bfQu\u00e9 los llev\u00f3 a convertirse en dise\u00f1adores de productos\/muebles para la casa?<\/strong><\/em><\/p>\n<p>Ambos, Marta e Imanol, somos arquitectos de formaci\u00f3n. Estudiamos en Madrid entre los a\u00f1os 1998 hasta el 2005. Fue un momento interesante en Madrid donde hab\u00eda muchas conferencias de arquitectos internacionales, exposiciones, arquitectura, arte, dise\u00f1o.. Cuando comenzamos a trabajar para otros estudios en poco tiempo comenz\u00f3 una fuerte crisis que impidi\u00f3 hacer arquitectura. Por esta raz\u00f3n en el a\u00f1o 2014 comenzamos a construir nuestros propios dise\u00f1os y muebles como una forma de expresi\u00f3n y por ver un dise\u00f1o llevado a la realidad en vez de quedarse en papel, ordenador o en la nube.<\/p>\n<p>Nuestro primer dise\u00f1o fue la pieza ZOO en madera, y luego fue la X table o Ray table, que combina metal, textil y madera.. el siguiente paso fue el vidrio soplado y la luz. Hoy en el 2026, hemos trabajado con seda para bordados del Museo de Suzhou en China, cer\u00e1mica extruida para Nuet Ceramic, madera para iluminaci\u00f3n con la marca LZF lamps,<br \/>\naluminio para muebles de exterior de Gandia Blasco, lana merina para alfombras de GUN. Nos encanta visitar f\u00e1bricas, talleres de artesanos y colaborar con marcas, instituciones o museos d\u00f3nde admiramos sus valores.<\/p>\n<p><strong><em>\u00bfQu\u00e9 tiene que tener un dise\u00f1o para convertirse en un \u00e9xito?<\/em><\/strong><\/p>\n<p>Ojal\u00e1 alguien supiera la respuesta. No se sabe. Hay dise\u00f1os que tienen armon\u00eda, proporci\u00f3n, belleza y que han perdurado en el tiempo por muchas circunstancias.<\/p>\n<p>Hay dise\u00f1os que ni siquiera nos gustan y se han vendido much\u00edsimos. El \u00e9xito es dif\u00edcil de valorar. Para nosotros el \u00e9xito en esta vida es ser feliz con lo que haces, y ofrecer la versi\u00f3n mejor de tu mismo en tu trabajo y en tu vida.<\/p>\n<figure id=\"attachment_5585\" aria-describedby=\"caption-attachment-5585\" style=\"width: 990px\" class=\"wp-caption aligncenter\"><a href=\"https:\/\/www.ociohogar.com\/blog\/wp-content\/uploads\/2026\/09\/eris-lzf.jpg\"><img decoding=\"async\" loading=\"lazy\" class=\"size-full wp-image-5585\" src=\"https:\/\/www.ociohogar.com\/blog\/wp-content\/uploads\/2026\/09\/eris-lzf.jpg\" alt=\"L\u00e1mpara de suspensi\u00f3n Eris de LZF dise\u00f1ada por Mayice Studio\" width=\"990\" height=\"660\" srcset=\"https:\/\/www.ociohogar.com\/blog\/wp-content\/uploads\/2026\/09\/eris-lzf.jpg 990w, https:\/\/www.ociohogar.com\/blog\/wp-content\/uploads\/2026\/09\/eris-lzf-300x200.jpg 300w, https:\/\/www.ociohogar.com\/blog\/wp-content\/uploads\/2026\/09\/eris-lzf-768x512.jpg 768w, https:\/\/www.ociohogar.com\/blog\/wp-content\/uploads\/2026\/09\/eris-lzf-348x233.jpg 348w, https:\/\/www.ociohogar.com\/blog\/wp-content\/uploads\/2026\/09\/eris-lzf-340x227.jpg 340w, https:\/\/www.ociohogar.com\/blog\/wp-content\/uploads\/2026\/09\/eris-lzf-272x182.jpg 272w\" sizes=\"(max-width: 990px) 100vw, 990px\" \/><\/a><figcaption id=\"caption-attachment-5585\" class=\"wp-caption-text\">Eris, l\u00e1mpara de suspensi\u00f3n dise\u00f1ada por Mayice Studio para LZF<\/figcaption><\/figure>\n<p><em><strong>\u00bfCu\u00e1l es, de entre todos los productos que han dise\u00f1ado, del que se sienten m\u00e1s satisfechos?<\/strong><\/em><\/p>\n<p>Nos gustan todos nuestros dise\u00f1os. No podr\u00edamos elegir uno en concreto. Quiz\u00e1s el que tiene ahora mismo para nosotros m\u00e1s recuerdos sea la l\u00e1mpara Filamento. Se present\u00f3 en Rossana Orlandi en Mil\u00e1n en 2018, y sobre el concepto de reflexi\u00f3n y refracci\u00f3n, luces y sombras, hemos trabajado durante a\u00f1os para construir esa familia.<\/p>\n<p>Estamos muy contentos de que en este a\u00f1o 2026 este dise\u00f1o haya sido desarrollado y presentado en la semana de dise\u00f1o de Mil\u00e1n y Copenhague por la marca danesa -italiana Astep dirigida por Alessandro Sarfatti y Yasmin Edgecombe.<\/p>\n<figure id=\"attachment_5586\" aria-describedby=\"caption-attachment-5586\" style=\"width: 1707px\" class=\"wp-caption aligncenter\"><a href=\"https:\/\/www.ociohogar.com\/blog\/wp-content\/uploads\/2026\/09\/MAYICE_filamento-verticale-X-RO-scaled.jpg\"><img decoding=\"async\" loading=\"lazy\" class=\"size-full wp-image-5586\" src=\"https:\/\/www.ociohogar.com\/blog\/wp-content\/uploads\/2026\/09\/MAYICE_filamento-verticale-X-RO-scaled.jpg\" alt=\"L\u00e1mpara Filamento Verticale de Mayice Studio\" width=\"1707\" height=\"2560\" srcset=\"https:\/\/www.ociohogar.com\/blog\/wp-content\/uploads\/2026\/09\/MAYICE_filamento-verticale-X-RO-scaled.jpg 1707w, https:\/\/www.ociohogar.com\/blog\/wp-content\/uploads\/2026\/09\/MAYICE_filamento-verticale-X-RO-200x300.jpg 200w, https:\/\/www.ociohogar.com\/blog\/wp-content\/uploads\/2026\/09\/MAYICE_filamento-verticale-X-RO-683x1024.jpg 683w, https:\/\/www.ociohogar.com\/blog\/wp-content\/uploads\/2026\/09\/MAYICE_filamento-verticale-X-RO-768x1152.jpg 768w, https:\/\/www.ociohogar.com\/blog\/wp-content\/uploads\/2026\/09\/MAYICE_filamento-verticale-X-RO-1024x1536.jpg 1024w, https:\/\/www.ociohogar.com\/blog\/wp-content\/uploads\/2026\/09\/MAYICE_filamento-verticale-X-RO-1365x2048.jpg 1365w, https:\/\/www.ociohogar.com\/blog\/wp-content\/uploads\/2026\/09\/MAYICE_filamento-verticale-X-RO-1620x2430.jpg 1620w, https:\/\/www.ociohogar.com\/blog\/wp-content\/uploads\/2026\/09\/MAYICE_filamento-verticale-X-RO-340x510.jpg 340w\" sizes=\"(max-width: 1707px) 100vw, 1707px\" \/><\/a><figcaption id=\"caption-attachment-5586\" class=\"wp-caption-text\">Filamento Verticale, dise\u00f1o de Mayice Studio basado en el estudio de la reflexi\u00f3n y refracci\u00f3n de la luz.<\/figcaption><\/figure>\n<p><strong><em>Su estudio trabaja entre la arquitectura, el dise\u00f1o de producto y la iluminaci\u00f3n, con una atenci\u00f3n muy marcada por los materiales, su historia y su funcionalidad. Cuando empiezan un proyecto, \u00bfqu\u00e9 aparece primero: la forma, el material, la experiencia que quieren provocar o la historia que ese objeto puede contar?<\/em><\/strong><\/p>\n<p>Depende mucho del proyecto. Muchas veces trabajamos con ideas abstractas que poco a poco se le da forma est\u00e9tica, proporci\u00f3n a cada proyecto y se busca un buen uso del material. En otras ocasiones el propio material nos da la idea, o un concepto de iluminaci\u00f3n, una experiencia.<\/p>\n<p><em><strong>\u00bfEn qu\u00e9 se inspiran? \u00bfD\u00f3nde encuentran la inspiraci\u00f3n?<br \/>\n<\/strong><\/em><br \/>\nNos inspiran muchas cosas, la naturaleza, la m\u00fasica, la arquitectura, el dise\u00f1o, el arte, la moda, un aroma. Existen muchas fuentes de inspiraci\u00f3n.<\/p>\n<p><strong><em>\u00bfC\u00f3mo es un d\u00eda de trabajo en su vida?<\/em><\/strong><\/p>\n<p>Nuestro d\u00eda a d\u00eda es muy cambiante. Intentamos siempre guardar los horarios de la comida, el desayuno y la comida, siempre a la misma hora. Hay d\u00edas que estamos con proveedores o fabricantes, otros d\u00edas en el estudio d\u00f3nde trabajamos cono ordenador, maquetas o conversaciones.<\/p>\n<p>De vez en cuando combinamos nuestro trabajo con talleres espec\u00edficos de duraci\u00f3n una semana. El \u00faltimo fue en SPD de Milano y quiz\u00e1s el m\u00e1s diferente en la Universidad de Musabi en Tokyo. Estamos en un proceso de trabajos varios para marcas, interiores o pensando en nuestros nuevos objetos de edici\u00f3n limitada.<\/p>\n<p><em><strong>\u00bfCu\u00e1l creen que va a ser la pieza de esta temporada?<\/strong><\/em><\/p>\n<p>Desde Mayice, las pieza m\u00e1s importante en estos meses es la colecci\u00f3n de la familia entera de Filamento para Astep. Astep es una marca italiana danesa que acaba de presentar en Copenhague Filamento editada por ellos y estamos trabajando en variantes de esa familia.<\/p>\n<p><em><strong>\u00bfC\u00f3mo ven el futuro en el mundo del dise\u00f1o de mobiliario?<\/strong><\/em><\/p>\n<p>No tenemos idea de ver el futuro en el mundo del dise\u00f1o. Existe ahora un fuerte inter\u00e9s por el collectible design.<\/p>\n<p><strong><em>\u00bfCon qui\u00e9n les gustar\u00eda trabajar?<\/em><\/strong><\/p>\n<p>Con cualquier marca o persona con la que podamos evolucionar y seguir aprendiendo, siempre con respeto, exigencia, precisi\u00f3n y sabidur\u00eda.<\/p>\n<p><strong><em>Si no hubieran sido dise\u00f1adores, ser\u00edan&#8230;<\/em><br \/>\n<\/strong><br \/>\nAmbos somos arquitectos de profesi\u00f3n, Marta siempre quiso ser artista vinculada con los espacios e Imanol dise\u00f1ador.<\/p>\n<p><em><strong>Para conocerlos mejor:<\/strong><\/em><\/p>\n<p><strong><em>Un color: <\/em><\/strong>Todos los colores, seg\u00fan que ocasi\u00f3n se eligen el adecuado.<\/p>\n<p><strong><em>Un material. <\/em><\/strong>Los materiales nobles, como: cristal, madera, cer\u00e1mica, metal..<\/p>\n<p><strong><em>Un dise\u00f1ador al que admire: <\/em><\/strong>Existen muchos dise\u00f1adores a los que admiramos, as\u00ed como arquitectos, no podr\u00edamos decir uno solo.<\/p>\n<p><strong><em>Una pieza que le inspire:<\/em><\/strong> Much\u00edsimas piezas nos inspiran. Quiz\u00e1s un buen libro.<\/p>\n<p><strong><em>Su rinc\u00f3n favorito de la casa:<\/em> <\/strong>Nuestro estudio que es a la vez un peque\u00f1o taller y d\u00f3nde est\u00e1n muchos de nuestros dise\u00f1os en versi\u00f3n prototipo.<\/p>\n<p><em><strong>Un lugar donde vivir:<\/strong> <\/em>Nos gusta mucho Madrid, Barcelona o Milan.<\/p>\n<p>Descubre&nbsp;<a href=\"https:\/\/www.ociohogar.com\/437__mayice\">art\u00edculos dise\u00f1ados por Mayice Studio en nuestro cat\u00e1logo<\/a><\/p>\n","protected":false},"excerpt":{"rendered":"<p>Marta Alonso e Imanol Calder\u00f3n, fundadores de Mayice StudioMayice Studio es un estudio madrile\u00f1o de arquitectura y dise\u00f1o fundado por Marta Alonso Yebra e Imanol Calder\u00f3n El\u00f3segui. Arquitectos de formaci\u00f3n y dise\u00f1adores por vocaci\u00f3n, han construido una trayectoria en la que los l\u00edmites entre espacio, objeto y materia se diluyen para dar lugar a proyectos [&hellip;]<\/p>\n <a class=\"read-more\" href=\"https:\/\/www.ociohogar.com\/blog\/2026\/09\/01\/entrevista-a-mayice-studio\/ \">Leer m\u00e1s<\/a>","protected":false},"author":35,"featured_media":5584,"comment_status":"closed","ping_status":"closed","sticky":false,"template":"","format":"standard","meta":{"ngg_post_thumbnail":0},"categories":[323],"tags":[108,334,321,389,327],"_links":{"self":[{"href":"https:\/\/www.ociohogar.com\/blog\/wp-json\/wp\/v2\/posts\/5583"}],"collection":[{"href":"https:\/\/www.ociohogar.com\/blog\/wp-json\/wp\/v2\/posts"}],"about":[{"href":"https:\/\/www.ociohogar.com\/blog\/wp-json\/wp\/v2\/types\/post"}],"author":[{"embeddable":true,"href":"https:\/\/www.ociohogar.com\/blog\/wp-json\/wp\/v2\/users\/35"}],"replies":[{"embeddable":true,"href":"https:\/\/www.ociohogar.com\/blog\/wp-json\/wp\/v2\/comments?post=5583"}],"version-history":[{"count":4,"href":"https:\/\/www.ociohogar.com\/blog\/wp-json\/wp\/v2\/posts\/5583\/revisions"}],"predecessor-version":[{"id":5593,"href":"https:\/\/www.ociohogar.com\/blog\/wp-json\/wp\/v2\/posts\/5583\/revisions\/5593"}],"wp:featuredmedia":[{"embeddable":true,"href":"https:\/\/www.ociohogar.com\/blog\/wp-json\/wp\/v2\/media\/5584"}],"wp:attachment":[{"href":"https:\/\/www.ociohogar.com\/blog\/wp-json\/wp\/v2\/media?parent=5583"}],"wp:term":[{"taxonomy":"category","embeddable":true,"href":"https:\/\/www.ociohogar.com\/blog\/wp-json\/wp\/v2\/categories?post=5583"},{"taxonomy":"post_tag","embeddable":true,"href":"https:\/\/www.ociohogar.com\/blog\/wp-json\/wp\/v2\/tags?post=5583"}],"curies":[{"name":"wp","href":"https:\/\/api.w.org\/{rel}","templated":true}]}}